{"id":2668,"date":"2019-10-02T13:13:39","date_gmt":"2019-10-02T11:13:39","guid":{"rendered":"http:\/\/hannes-rohringer.at\/hannes-rohringer\/?p=2668"},"modified":"2019-10-10T14:46:07","modified_gmt":"2019-10-10T12:46:07","slug":"ausstellung-flora-rohringer","status":"publish","type":"post","link":"https:\/\/hannes-rohringer.at\/hannes-rohringer\/?p=2668","title":{"rendered":"Ausstellung FLORA &#038; ROHRINGER"},"content":{"rendered":"<p>Die Er\u00f6ffnung der Ausstellung von CHRISTIAN FLORA &amp; HANNES ROHRINGER unter dem Titel <strong>&#8222;CONNECTED&#8220;<\/strong><br \/>\nfindet am Freitag 04. Oktober 2019 in der Galerie SCHARM\u00dcLLER ( Scharm\u00fcller Industrie )<br \/>\nin 4892 Fornach, Doppelm\u00fchle 14, um 19.00 Uhr statt.<br \/>\nEr\u00f6ffnet wir die Ausstellung von der Kunsthistorikerin und Kuratorin Mag. Silvia M\u00fcllegger.<br \/>\nAusstellungsdauer: 05. Oktober bis 01. November 2019,<br \/>\nMo &#8211; Do\u00a0 09.00 &#8211; 15.00 Uhr, Fr &#8211; 09.00 &#8211; 14.00 Uhr,<br \/>\nSa &amp; So nach tel. Vereinbarung\u00a0 +43 664 4227166,\u00a0 +43 664 2211604<\/p>\n<div id=\"attachment_2670\" style=\"width: 1315px\" class=\"wp-caption alignnone\"><a href=\"http:\/\/hannes-rohringer.at\/hannes-rohringer\/wp-content\/uploads\/2019\/10\/connected_02.jpg\" data-rel=\"lightbox-image-0\" data-rl_title=\"\" data-rl_caption=\"\" title=\"\"><img loading=\"lazy\" decoding=\"async\" aria-describedby=\"caption-attachment-2670\" class=\"size-full wp-image-2670\" src=\"http:\/\/hannes-rohringer.at\/hannes-rohringer\/wp-content\/uploads\/2019\/10\/connected_02.jpg\" alt=\"Einladungskarte_A3, Werkst\u00fcck der Firma Scharm\u00fcller als CONNECTED\" width=\"1305\" height=\"805\" data-id=\"2670\" srcset=\"https:\/\/hannes-rohringer.at\/hannes-rohringer\/wp-content\/uploads\/2019\/10\/connected_02.jpg 1305w, https:\/\/hannes-rohringer.at\/hannes-rohringer\/wp-content\/uploads\/2019\/10\/connected_02-300x185.jpg 300w, https:\/\/hannes-rohringer.at\/hannes-rohringer\/wp-content\/uploads\/2019\/10\/connected_02-768x474.jpg 768w, https:\/\/hannes-rohringer.at\/hannes-rohringer\/wp-content\/uploads\/2019\/10\/connected_02-1024x632.jpg 1024w\" sizes=\"auto, (max-width: 1305px) 100vw, 1305px\" \/><\/a><p id=\"caption-attachment-2670\" class=\"wp-caption-text\">Einladungskarte_A3, Werkst\u00fcck der Firma Scharm\u00fcller &#8211; CONNECTED<\/p><\/div>\n<p>&nbsp;<\/p>\n","protected":false},"excerpt":{"rendered":"<p>Die Er\u00f6ffnung der Ausstellung von CHRISTIAN FLORA &amp; HANNES ROHRINGER unter dem Titel &#8222;CONNECTED&#8220; findet am Freitag 04. Oktober 2019 in der Galerie SCHARM\u00dcLLER ( Scharm\u00fcller Industrie ) in 4892 Fornach, Doppelm\u00fchle 14, um 19.00 Uhr statt. Er\u00f6ffnet wir die Ausstellung von der Kunsthistorikerin und [&hellip;]<\/p>\n","protected":false},"author":1,"featured_media":2669,"comment_status":"closed","ping_status":"closed","sticky":false,"template":"","format":"standard","meta":{"inline_featured_image":false,"footnotes":""},"categories":[7],"tags":[],"class_list":["post-2668","post","type-post","status-publish","format-standard","has-post-thumbnail","hentry","category-news"],"_links":{"self":[{"href":"https:\/\/hannes-rohringer.at\/hannes-rohringer\/index.php?rest_route=\/wp\/v2\/posts\/2668","targetHints":{"allow":["GET"]}}],"collection":[{"href":"https:\/\/hannes-rohringer.at\/hannes-rohringer\/index.php?rest_route=\/wp\/v2\/posts"}],"about":[{"href":"https:\/\/hannes-rohringer.at\/hannes-rohringer\/index.php?rest_route=\/wp\/v2\/types\/post"}],"author":[{"embeddable":true,"href":"https:\/\/hannes-rohringer.at\/hannes-rohringer\/index.php?rest_route=\/wp\/v2\/users\/1"}],"replies":[{"embeddable":true,"href":"https:\/\/hannes-rohringer.at\/hannes-rohringer\/index.php?rest_route=%2Fwp%2Fv2%2Fcomments&post=2668"}],"version-history":[{"count":8,"href":"https:\/\/hannes-rohringer.at\/hannes-rohringer\/index.php?rest_route=\/wp\/v2\/posts\/2668\/revisions"}],"predecessor-version":[{"id":2699,"href":"https:\/\/hannes-rohringer.at\/hannes-rohringer\/index.php?rest_route=\/wp\/v2\/posts\/2668\/revisions\/2699"}],"wp:featuredmedia":[{"embeddable":true,"href":"https:\/\/hannes-rohringer.at\/hannes-rohringer\/index.php?rest_route=\/wp\/v2\/media\/2669"}],"wp:attachment":[{"href":"https:\/\/hannes-rohringer.at\/hannes-rohringer\/index.php?rest_route=%2Fwp%2Fv2%2Fmedia&parent=2668"}],"wp:term":[{"taxonomy":"category","embeddable":true,"href":"https:\/\/hannes-rohringer.at\/hannes-rohringer\/index.php?rest_route=%2Fwp%2Fv2%2Fcategories&post=2668"},{"taxonomy":"post_tag","embeddable":true,"href":"https:\/\/hannes-rohringer.at\/hannes-rohringer\/index.php?rest_route=%2Fwp%2Fv2%2Ftags&post=2668"}],"curies":[{"name":"wp","href":"https:\/\/api.w.org\/{rel}","templated":true}]}}